{"id":55,"date":"2018-06-10T00:19:17","date_gmt":"2018-06-09T22:19:17","guid":{"rendered":"http:\/\/35ppp.de\/thilo\/?p=55"},"modified":"2018-08-15T17:55:08","modified_gmt":"2018-08-15T15:55:08","slug":"day-four-langer-tag","status":"publish","type":"post","link":"https:\/\/35ppp.de\/thilo\/2018\/06\/10\/day-four-langer-tag\/","title":{"rendered":"Praktikum: Day four &#8211; Langer Tag"},"content":{"rendered":"<p>Der Donnerstag war der 07.06.2018. Was bedeutet das? Es sind noch genau zwei Monate bis zur Ausreise! Die Vorfreude steigt!!<\/p>\n<p>Der Vormittag zeichnete sich an diesem Tag durch mehrere kleinere Gespr\u00e4che und Besprechungen mit Fachleuten aus. Dabei ging es z.B. um Themen wie \u201cStart-Up-Kultur in Niedersachsen\u201c und \u201eEnergieeffizienz in der Landwirtschaft \u201c. Am Nachmittag hatte ich einige Stunden Zeit um den riesigen Geb\u00e4udekomplex auf eigene Faust zu erkunden. F\u00fcr den Abend stand ein l\u00e4ngeres, aber daf\u00fcr auch wiederum sehr interessantes Programm auf dem Plan. Ab 18:00 Uhr tagte das Wirtschaftsforum der SPD im historischen Meistersaal am Potsdamer Platz. Nach Ende der Veranstaltung lief ich mit meinem Patenabgeordneten zur\u00fcck in Richtung Paul-L\u00f6be-Haus und bekam dabei auf dem Weg eine spontane, kleine aber echt coole Stadtf\u00fchrung mit interessanten Details zur Teilung Berlins. Nachdem ich die Zwischenzeit mit dem Schreiben des Blogs verbracht habe, ging es gegen 23:30 Uhr nochmal in den Plenarsaal.<\/p>\n<div id='gallery-1' class='gallery galleryid-55 gallery-columns-3 gallery-size-thumbnail'><figure class='gallery-item'>\n\t\t\t<div class='gallery-icon portrait'>\n\t\t\t\t<a href='https:\/\/35ppp.de\/thilo\/2018\/06\/10\/day-four-langer-tag\/20180607_2120281\/'><img loading=\"lazy\" decoding=\"async\" width=\"150\" height=\"150\" src=\"https:\/\/35ppp.de\/thilo\/wp-content\/uploads\/sites\/19\/2018\/06\/20180607_2120281-e1528582560754-150x150.jpg\" class=\"attachment-thumbnail size-thumbnail\" alt=\"\" aria-describedby=\"gallery-1-59\" srcset=\"https:\/\/35ppp.de\/thilo\/wp-content\/uploads\/sites\/19\/2018\/06\/20180607_2120281-e1528582560754-150x150.jpg 150w, https:\/\/35ppp.de\/thilo\/wp-content\/uploads\/sites\/19\/2018\/06\/20180607_2120281-e1528582560754-100x100.jpg 100w\" sizes=\"auto, 100vw\" \/><\/a>\n\t\t\t<\/div>\n\t\t\t\t<figcaption class='wp-caption-text gallery-caption' id='gallery-1-59'>\n\t\t\t\tSelfie vor dem Reichstag\n\t\t\t\t<\/figcaption><\/figure><figure class='gallery-item'>\n\t\t\t<div class='gallery-icon landscape'>\n\t\t\t\t<a href='https:\/\/35ppp.de\/thilo\/2018\/06\/10\/day-four-langer-tag\/20180607_1426131\/'><img loading=\"lazy\" decoding=\"async\" width=\"150\" height=\"150\" src=\"https:\/\/35ppp.de\/thilo\/wp-content\/uploads\/sites\/19\/2018\/06\/20180607_1426131-150x150.jpg\" class=\"attachment-thumbnail size-thumbnail\" alt=\"\" aria-describedby=\"gallery-1-57\" srcset=\"https:\/\/35ppp.de\/thilo\/wp-content\/uploads\/sites\/19\/2018\/06\/20180607_1426131-150x150.jpg 150w, https:\/\/35ppp.de\/thilo\/wp-content\/uploads\/sites\/19\/2018\/06\/20180607_1426131-100x100.jpg 100w\" sizes=\"auto, 100vw\" \/><\/a>\n\t\t\t<\/div>\n\t\t\t\t<figcaption class='wp-caption-text gallery-caption' id='gallery-1-57'>\n\t\t\t\tTunnel im Regierungsviertel\n\t\t\t\t<\/figcaption><\/figure><figure class='gallery-item'>\n\t\t\t<div class='gallery-icon landscape'>\n\t\t\t\t<a href='https:\/\/35ppp.de\/thilo\/2018\/06\/10\/day-four-langer-tag\/20180607_1454461\/'><img loading=\"lazy\" decoding=\"async\" width=\"150\" height=\"150\" src=\"https:\/\/35ppp.de\/thilo\/wp-content\/uploads\/sites\/19\/2018\/06\/20180607_1454461-150x150.jpg\" class=\"attachment-thumbnail size-thumbnail\" alt=\"\" aria-describedby=\"gallery-1-58\" srcset=\"https:\/\/35ppp.de\/thilo\/wp-content\/uploads\/sites\/19\/2018\/06\/20180607_1454461-150x150.jpg 150w, https:\/\/35ppp.de\/thilo\/wp-content\/uploads\/sites\/19\/2018\/06\/20180607_1454461-100x100.jpg 100w\" sizes=\"auto, 100vw\" \/><\/a>\n\t\t\t<\/div>\n\t\t\t\t<figcaption class='wp-caption-text gallery-caption' id='gallery-1-58'>\n\t\t\t\tTunnel im Regierungsviertel\n\t\t\t\t<\/figcaption><\/figure><figure class='gallery-item'>\n\t\t\t<div class='gallery-icon portrait'>\n\t\t\t\t<a href='https:\/\/35ppp.de\/thilo\/2018\/06\/10\/day-four-langer-tag\/20180607_1831541\/'><img loading=\"lazy\" decoding=\"async\" width=\"150\" height=\"150\" src=\"https:\/\/35ppp.de\/thilo\/wp-content\/uploads\/sites\/19\/2018\/06\/20180607_1831541-e1528582538690-150x150.jpg\" class=\"attachment-thumbnail size-thumbnail\" alt=\"\" aria-describedby=\"gallery-1-60\" srcset=\"https:\/\/35ppp.de\/thilo\/wp-content\/uploads\/sites\/19\/2018\/06\/20180607_1831541-e1528582538690-150x150.jpg 150w, https:\/\/35ppp.de\/thilo\/wp-content\/uploads\/sites\/19\/2018\/06\/20180607_1831541-e1528582538690-100x100.jpg 100w\" sizes=\"auto, 100vw\" \/><\/a>\n\t\t\t<\/div>\n\t\t\t\t<figcaption class='wp-caption-text gallery-caption' id='gallery-1-60'>\n\t\t\t\tAbendprogramm\n\t\t\t\t<\/figcaption><\/figure><figure class='gallery-item'>\n\t\t\t<div class='gallery-icon landscape'>\n\t\t\t\t<a href='https:\/\/35ppp.de\/thilo\/2018\/06\/10\/day-four-langer-tag\/20180607_2158231\/'><img loading=\"lazy\" decoding=\"async\" width=\"150\" height=\"150\" src=\"https:\/\/35ppp.de\/thilo\/wp-content\/uploads\/sites\/19\/2018\/06\/20180607_2158231-150x150.jpg\" class=\"attachment-thumbnail size-thumbnail\" alt=\"\" aria-describedby=\"gallery-1-61\" srcset=\"https:\/\/35ppp.de\/thilo\/wp-content\/uploads\/sites\/19\/2018\/06\/20180607_2158231-150x150.jpg 150w, https:\/\/35ppp.de\/thilo\/wp-content\/uploads\/sites\/19\/2018\/06\/20180607_2158231-100x100.jpg 100w\" sizes=\"auto, 100vw\" \/><\/a>\n\t\t\t<\/div>\n\t\t\t\t<figcaption class='wp-caption-text gallery-caption' id='gallery-1-61'>\n\t\t\t\tAbgeorndete haben h\u00e4ufig lange Tage \ud83d\ude09\n\t\t\t\t<\/figcaption><\/figure><figure class='gallery-item'>\n\t\t\t<div class='gallery-icon portrait'>\n\t\t\t\t<a href='https:\/\/35ppp.de\/thilo\/2018\/06\/10\/day-four-langer-tag\/20180607_1504141\/'><img loading=\"lazy\" decoding=\"async\" width=\"150\" height=\"150\" src=\"https:\/\/35ppp.de\/thilo\/wp-content\/uploads\/sites\/19\/2018\/06\/20180607_1504141-e1528582403538-150x150.jpg\" class=\"attachment-thumbnail size-thumbnail\" alt=\"\" aria-describedby=\"gallery-1-62\" srcset=\"https:\/\/35ppp.de\/thilo\/wp-content\/uploads\/sites\/19\/2018\/06\/20180607_1504141-e1528582403538-150x150.jpg 150w, https:\/\/35ppp.de\/thilo\/wp-content\/uploads\/sites\/19\/2018\/06\/20180607_1504141-e1528582403538-100x100.jpg 100w\" sizes=\"auto, 100vw\" \/><\/a>\n\t\t\t<\/div>\n\t\t\t\t<figcaption class='wp-caption-text gallery-caption' id='gallery-1-62'>\n\t\t\t\tGro\u00dfe Hallen&#8230;\n\t\t\t\t<\/figcaption><\/figure>\n\t\t<\/div>\n\n","protected":false},"excerpt":{"rendered":"<p>Der Donnerstag war der 07.06.2018. Was bedeutet das? Es sind noch genau zwei Monate bis zur Ausreise! Die Vorfreude steigt!! Der Vormittag zeichnete sich an diesem Tag durch mehrere kleinere Gespr\u00e4che und Besprechungen mit Fachleuten aus. Dabei ging es z.B. um Themen wie \u201cStart-Up-Kultur in Niedersachsen\u201c und \u201eEnergieeffizienz in der Landwirtschaft \u201c. Am Nachmittag hatte &hellip; <\/p>\n<p class=\"link-more\"><a href=\"https:\/\/35ppp.de\/thilo\/2018\/06\/10\/day-four-langer-tag\/\" class=\"more-link\"><span class=\"screen-reader-text\">\u201ePraktikum: Day four &#8211; Langer Tag\u201c<\/span> weiterlesen<\/a><\/p>\n","protected":false},"author":15,"featured_media":56,"comment_status":"open","ping_status":"open","sticky":false,"template":"","format":"standard","meta":{"footnotes":"","_links_to":"","_links_to_target":""},"categories":[1],"tags":[],"class_list":["post-55","post","type-post","status-publish","format-standard","has-post-thumbnail","hentry","category-allgemein"],"jetpack_featured_media_url":"https:\/\/35ppp.de\/thilo\/wp-content\/uploads\/sites\/19\/2018\/06\/20180607_2112021.jpg","_links":{"self":[{"href":"https:\/\/35ppp.de\/thilo\/wp-json\/wp\/v2\/posts\/55","targetHints":{"allow":["GET"]}}],"collection":[{"href":"https:\/\/35ppp.de\/thilo\/wp-json\/wp\/v2\/posts"}],"about":[{"href":"https:\/\/35ppp.de\/thilo\/wp-json\/wp\/v2\/types\/post"}],"author":[{"embeddable":true,"href":"https:\/\/35ppp.de\/thilo\/wp-json\/wp\/v2\/users\/15"}],"replies":[{"embeddable":true,"href":"https:\/\/35ppp.de\/thilo\/wp-json\/wp\/v2\/comments?post=55"}],"version-history":[{"count":6,"href":"https:\/\/35ppp.de\/thilo\/wp-json\/wp\/v2\/posts\/55\/revisions"}],"predecessor-version":[{"id":105,"href":"https:\/\/35ppp.de\/thilo\/wp-json\/wp\/v2\/posts\/55\/revisions\/105"}],"wp:featuredmedia":[{"embeddable":true,"href":"https:\/\/35ppp.de\/thilo\/wp-json\/wp\/v2\/media\/56"}],"wp:attachment":[{"href":"https:\/\/35ppp.de\/thilo\/wp-json\/wp\/v2\/media?parent=55"}],"wp:term":[{"taxonomy":"category","embeddable":true,"href":"https:\/\/35ppp.de\/thilo\/wp-json\/wp\/v2\/categories?post=55"},{"taxonomy":"post_tag","embeddable":true,"href":"https:\/\/35ppp.de\/thilo\/wp-json\/wp\/v2\/tags?post=55"}],"curies":[{"name":"wp","href":"https:\/\/api.w.org\/{rel}","templated":true}]}}