{"id":20,"date":"2018-06-07T22:47:45","date_gmt":"2018-06-07T20:47:45","guid":{"rendered":"http:\/\/35ppp.de\/thilo\/?p=20"},"modified":"2018-08-15T17:53:50","modified_gmt":"2018-08-15T15:53:50","slug":"day-two-praktikum-im-bundestag","status":"publish","type":"post","link":"https:\/\/35ppp.de\/thilo\/2018\/06\/07\/day-two-praktikum-im-bundestag\/","title":{"rendered":"Praktikum: Day two &#8211; Politik auf dem Wannsee"},"content":{"rendered":"<p>Day two startete auf amerikanische Art mit einem leckeren Bagel auf dem Weg zum Paul-L\u00f6be-Haus. Aber vielleicht kann ich zun\u00e4chst den Ort, an dem mein Praktikum gr\u00f6\u00dftenteils stattfindet etwas n\u00e4her beschreiben. Das Berliner B\u00fcro von Johann Saathoff liegt in der obersten Etage des Paul-L\u00f6be-Hauses und vom Flur aus hat mein einen besonders sch\u00f6nen Blick auf das Kanzleramt.<\/p>\n<figure id=\"attachment_23\" aria-describedby=\"caption-attachment-23\" style=\"width: 300px\" class=\"wp-caption alignnone\"><img loading=\"lazy\" decoding=\"async\" class=\"size-medium wp-image-23\" src=\"http:\/\/35ppp.de\/thilo\/wp-content\/uploads\/sites\/19\/2018\/06\/20180606_0808171-300x146.jpg\" alt=\"\" width=\"300\" height=\"146\" srcset=\"https:\/\/35ppp.de\/thilo\/wp-content\/uploads\/sites\/19\/2018\/06\/20180606_0808171-300x146.jpg 300w, https:\/\/35ppp.de\/thilo\/wp-content\/uploads\/sites\/19\/2018\/06\/20180606_0808171-768x373.jpg 768w, https:\/\/35ppp.de\/thilo\/wp-content\/uploads\/sites\/19\/2018\/06\/20180606_0808171-1024x498.jpg 1024w\" sizes=\"auto, (max-width: 300px) 100vw, 300px\" \/><figcaption id=\"caption-attachment-23\" class=\"wp-caption-text\">Blick aus dem 7. Stock<\/figcaption><\/figure>\n<p>Allgemein bieten sich hier in und vor den Geb\u00e4uden immer wieder sehr coole Perspektiven und Blicke. Das Programm begann am Dienstag mit der Sitzung der AG Wirtschaft an der unter anderem auch Peter Altmaier -Bundesminister f\u00fcr Wirtschaft und Energie- teilnahm. Nach einem Einzelgespr\u00e4ch und verschiedenen Programmpunkten am Nachmittag, ging es gegen 17:00 Uhr mit dem Bus in Richtung Wannsee zur Seeheimer Spargelfahrt. Hier gab es Spargel, interessante Gespr\u00e4che und die ein oder andere M\u00f6glichkeit ein Foto zu schie\u00dfen.<\/p>\n<div id='gallery-1' class='gallery galleryid-20 gallery-columns-3 gallery-size-thumbnail'><figure class='gallery-item'>\n\t\t\t<div class='gallery-icon landscape'>\n\t\t\t\t<a href='https:\/\/35ppp.de\/thilo\/2018\/06\/07\/day-two-praktikum-im-bundestag\/20180605_1757071\/'><img loading=\"lazy\" decoding=\"async\" width=\"150\" height=\"150\" src=\"https:\/\/35ppp.de\/thilo\/wp-content\/uploads\/sites\/19\/2018\/06\/20180605_1757071-150x150.jpg\" class=\"attachment-thumbnail size-thumbnail\" alt=\"\" aria-describedby=\"gallery-1-29\" srcset=\"https:\/\/35ppp.de\/thilo\/wp-content\/uploads\/sites\/19\/2018\/06\/20180605_1757071-150x150.jpg 150w, https:\/\/35ppp.de\/thilo\/wp-content\/uploads\/sites\/19\/2018\/06\/20180605_1757071-100x100.jpg 100w\" sizes=\"auto, 100vw\" \/><\/a>\n\t\t\t<\/div>\n\t\t\t\t<figcaption class='wp-caption-text gallery-caption' id='gallery-1-29'>\n\t\t\t\tSteg und Boot\n\t\t\t\t<\/figcaption><\/figure><figure class='gallery-item'>\n\t\t\t<div class='gallery-icon landscape'>\n\t\t\t\t<a href='https:\/\/35ppp.de\/thilo\/2018\/06\/07\/day-two-praktikum-im-bundestag\/20180605_2022341\/'><img loading=\"lazy\" decoding=\"async\" width=\"150\" height=\"150\" src=\"https:\/\/35ppp.de\/thilo\/wp-content\/uploads\/sites\/19\/2018\/06\/20180605_2022341-150x150.jpg\" class=\"attachment-thumbnail size-thumbnail\" alt=\"\" aria-describedby=\"gallery-1-51\" srcset=\"https:\/\/35ppp.de\/thilo\/wp-content\/uploads\/sites\/19\/2018\/06\/20180605_2022341-150x150.jpg 150w, https:\/\/35ppp.de\/thilo\/wp-content\/uploads\/sites\/19\/2018\/06\/20180605_2022341-100x100.jpg 100w\" sizes=\"auto, 100vw\" \/><\/a>\n\t\t\t<\/div>\n\t\t\t\t<figcaption class='wp-caption-text gallery-caption' id='gallery-1-51'>\n\t\t\t\tDein Freund und Helfer\n\t\t\t\t<\/figcaption><\/figure><figure class='gallery-item'>\n\t\t\t<div class='gallery-icon landscape'>\n\t\t\t\t<a href='https:\/\/35ppp.de\/thilo\/2018\/06\/07\/day-two-praktikum-im-bundestag\/20180605_2055271\/'><img loading=\"lazy\" decoding=\"async\" width=\"150\" height=\"150\" src=\"https:\/\/35ppp.de\/thilo\/wp-content\/uploads\/sites\/19\/2018\/06\/20180605_2055271-150x150.jpg\" class=\"attachment-thumbnail size-thumbnail\" alt=\"\" aria-describedby=\"gallery-1-31\" srcset=\"https:\/\/35ppp.de\/thilo\/wp-content\/uploads\/sites\/19\/2018\/06\/20180605_2055271-150x150.jpg 150w, https:\/\/35ppp.de\/thilo\/wp-content\/uploads\/sites\/19\/2018\/06\/20180605_2055271-100x100.jpg 100w\" sizes=\"auto, 100vw\" \/><\/a>\n\t\t\t<\/div>\n\t\t\t\t<figcaption class='wp-caption-text gallery-caption' id='gallery-1-31'>\n\t\t\t\tWannsee\n\t\t\t\t<\/figcaption><\/figure><figure class='gallery-item'>\n\t\t\t<div class='gallery-icon landscape'>\n\t\t\t\t<a href='https:\/\/35ppp.de\/thilo\/2018\/06\/07\/day-two-praktikum-im-bundestag\/20180605_1938511\/'><img loading=\"lazy\" decoding=\"async\" width=\"150\" height=\"150\" src=\"https:\/\/35ppp.de\/thilo\/wp-content\/uploads\/sites\/19\/2018\/06\/20180605_1938511-150x150.jpg\" class=\"attachment-thumbnail size-thumbnail\" alt=\"\" aria-describedby=\"gallery-1-24\" srcset=\"https:\/\/35ppp.de\/thilo\/wp-content\/uploads\/sites\/19\/2018\/06\/20180605_1938511-150x150.jpg 150w, https:\/\/35ppp.de\/thilo\/wp-content\/uploads\/sites\/19\/2018\/06\/20180605_1938511-100x100.jpg 100w\" sizes=\"auto, 100vw\" \/><\/a>\n\t\t\t<\/div>\n\t\t\t\t<figcaption class='wp-caption-text gallery-caption' id='gallery-1-24'>\n\t\t\t\tMein Patenabgeordneter: Johann Saathoff\n\t\t\t\t<\/figcaption><\/figure><figure class='gallery-item'>\n\t\t\t<div class='gallery-icon landscape'>\n\t\t\t\t<a href='https:\/\/35ppp.de\/thilo\/2018\/06\/07\/day-two-praktikum-im-bundestag\/20180605_2030211\/'><img loading=\"lazy\" decoding=\"async\" width=\"150\" height=\"150\" src=\"https:\/\/35ppp.de\/thilo\/wp-content\/uploads\/sites\/19\/2018\/06\/20180605_2030211-150x150.jpg\" class=\"attachment-thumbnail size-thumbnail\" alt=\"\" aria-describedby=\"gallery-1-26\" srcset=\"https:\/\/35ppp.de\/thilo\/wp-content\/uploads\/sites\/19\/2018\/06\/20180605_2030211-150x150.jpg 150w, https:\/\/35ppp.de\/thilo\/wp-content\/uploads\/sites\/19\/2018\/06\/20180605_2030211-100x100.jpg 100w\" sizes=\"auto, 100vw\" \/><\/a>\n\t\t\t<\/div>\n\t\t\t\t<figcaption class='wp-caption-text gallery-caption' id='gallery-1-26'>\n\t\t\t\tBundesminister f\u00fcr Arbeit und Soziales: Hubertus Heil\n\t\t\t\t<\/figcaption><\/figure><figure class='gallery-item'>\n\t\t\t<div class='gallery-icon landscape'>\n\t\t\t\t<a href='https:\/\/35ppp.de\/thilo\/2018\/06\/07\/day-two-praktikum-im-bundestag\/20180605_2120071\/'><img loading=\"lazy\" decoding=\"async\" width=\"150\" height=\"150\" src=\"https:\/\/35ppp.de\/thilo\/wp-content\/uploads\/sites\/19\/2018\/06\/20180605_2120071-150x150.jpg\" class=\"attachment-thumbnail size-thumbnail\" alt=\"\" aria-describedby=\"gallery-1-27\" srcset=\"https:\/\/35ppp.de\/thilo\/wp-content\/uploads\/sites\/19\/2018\/06\/20180605_2120071-150x150.jpg 150w, https:\/\/35ppp.de\/thilo\/wp-content\/uploads\/sites\/19\/2018\/06\/20180605_2120071-100x100.jpg 100w\" sizes=\"auto, 100vw\" \/><\/a>\n\t\t\t<\/div>\n\t\t\t\t<figcaption class='wp-caption-text gallery-caption' id='gallery-1-27'>\n\t\t\t\t SPD-Generalsekret\u00e4r: Lars Klingbeil\n\t\t\t\t<\/figcaption><\/figure>\n\t\t<\/div>\n\n","protected":false},"excerpt":{"rendered":"<p>Day two startete auf amerikanische Art mit einem leckeren Bagel auf dem Weg zum Paul-L\u00f6be-Haus. Aber vielleicht kann ich zun\u00e4chst den Ort, an dem mein Praktikum gr\u00f6\u00dftenteils stattfindet etwas n\u00e4her beschreiben. Das Berliner B\u00fcro von Johann Saathoff liegt in der obersten Etage des Paul-L\u00f6be-Hauses und vom Flur aus hat mein einen besonders sch\u00f6nen Blick auf &hellip; <\/p>\n<p class=\"link-more\"><a href=\"https:\/\/35ppp.de\/thilo\/2018\/06\/07\/day-two-praktikum-im-bundestag\/\" class=\"more-link\"><span class=\"screen-reader-text\">\u201ePraktikum: Day two &#8211; Politik auf dem Wannsee\u201c<\/span> weiterlesen<\/a><\/p>\n","protected":false},"author":15,"featured_media":32,"comment_status":"open","ping_status":"open","sticky":false,"template":"","format":"standard","meta":{"footnotes":"","_links_to":"","_links_to_target":""},"categories":[1],"tags":[],"class_list":["post-20","post","type-post","status-publish","format-standard","has-post-thumbnail","hentry","category-allgemein"],"jetpack_featured_media_url":"https:\/\/35ppp.de\/thilo\/wp-content\/uploads\/sites\/19\/2018\/06\/20180605_0734581.jpg","_links":{"self":[{"href":"https:\/\/35ppp.de\/thilo\/wp-json\/wp\/v2\/posts\/20","targetHints":{"allow":["GET"]}}],"collection":[{"href":"https:\/\/35ppp.de\/thilo\/wp-json\/wp\/v2\/posts"}],"about":[{"href":"https:\/\/35ppp.de\/thilo\/wp-json\/wp\/v2\/types\/post"}],"author":[{"embeddable":true,"href":"https:\/\/35ppp.de\/thilo\/wp-json\/wp\/v2\/users\/15"}],"replies":[{"embeddable":true,"href":"https:\/\/35ppp.de\/thilo\/wp-json\/wp\/v2\/comments?post=20"}],"version-history":[{"count":8,"href":"https:\/\/35ppp.de\/thilo\/wp-json\/wp\/v2\/posts\/20\/revisions"}],"predecessor-version":[{"id":103,"href":"https:\/\/35ppp.de\/thilo\/wp-json\/wp\/v2\/posts\/20\/revisions\/103"}],"wp:featuredmedia":[{"embeddable":true,"href":"https:\/\/35ppp.de\/thilo\/wp-json\/wp\/v2\/media\/32"}],"wp:attachment":[{"href":"https:\/\/35ppp.de\/thilo\/wp-json\/wp\/v2\/media?parent=20"}],"wp:term":[{"taxonomy":"category","embeddable":true,"href":"https:\/\/35ppp.de\/thilo\/wp-json\/wp\/v2\/categories?post=20"},{"taxonomy":"post_tag","embeddable":true,"href":"https:\/\/35ppp.de\/thilo\/wp-json\/wp\/v2\/tags?post=20"}],"curies":[{"name":"wp","href":"https:\/\/api.w.org\/{rel}","templated":true}]}}