{"id":32,"date":"2018-08-20T20:51:50","date_gmt":"2018-08-20T18:51:50","guid":{"rendered":"http:\/\/35ppp.de\/anna3\/?p=32"},"modified":"2018-08-20T20:51:50","modified_gmt":"2018-08-20T18:51:50","slug":"my-first-week-in-appleton","status":"publish","type":"post","link":"https:\/\/35ppp.de\/anna3\/2018\/08\/20\/my-first-week-in-appleton\/","title":{"rendered":"My first week in Appleton"},"content":{"rendered":"<p>Hello \ud83d\ude09<\/p>\n<p>wie Ihr bereits in meinem vorherigen Beitrag lesen konntet, werde ich mein Jahr in Appleton, Wisconsin verbringen. Am 10. August bin ich zusammen mit Johannes gegen 9:30 pm in Appleton gelandet. Dort wurde ich auch schon freudig von meinen Gasteltern (Mary und David) mit einem Willkommens-Schild empfangen. Ich war sehr aufgeregt die beiden kennenzulernen und habe mir viele Gedanken dar\u00fcber gemacht wie es wohl wird.<\/p>\n<p>Nach einer Fahrt durch Appleton, habe ich mein total s\u00fc\u00dfes Zimmer bezogen und bin todm\u00fcde ins Bett gefallen.<\/p>\n<p>Der erste Tag begann gleich mit einer Fahrrad Tour zum Farmer Markt in Appleton, auf dem jeden Samstag frisches Obst, Gem\u00fcse, etc. verkauft wird. Im Moment ist Sweet Corn Zeit &#8211; ich glaube das wird mein <img loading=\"lazy\" decoding=\"async\" class=\" wp-image-36 alignleft\" style=\"margin: 8px 16px 8px 0px;width: 229px;height: 172px;text-align: left;color: #333333;text-indent: 0px;letter-spacing: normal;font-size: 16px;font-style: normal;font-variant: normal;font-weight: 400;text-decoration: none;max-width: 580px;float: left;background-color: transparent\" src=\"http:\/\/35ppp.de\/anna3\/wp-content\/uploads\/sites\/51\/2018\/08\/20180811_153459-300x225.jpg\" alt=\"\" width=\"300\" height=\"225\" srcset=\"https:\/\/35ppp.de\/anna3\/wp-content\/uploads\/sites\/51\/2018\/08\/20180811_153459-300x225.jpg 300w, https:\/\/35ppp.de\/anna3\/wp-content\/uploads\/sites\/51\/2018\/08\/20180811_153459-768x576.jpg 768w, https:\/\/35ppp.de\/anna3\/wp-content\/uploads\/sites\/51\/2018\/08\/20180811_153459-1024x768.jpg 1024w\" sizes=\"auto, (max-width: 300px) 100vw, 300px\" \/>neues Lieblingsessen.\u00a0 Anschlie\u00dfend habe ich mit den beiden eine kleine Tour durch Appleton Downtown, zum Jefferson Park in Menasha und durch Neenah gemacht. Die Gegend hier ist auf jeden fall sehr gr\u00fcn und ruhig &#8211; das krasse Gegenteil zu New York. Somit ging der zweite Tag auch ziemlich schnell herum.<\/p>\n<p>Am Sonntag bin ich morgens mit in die Kirche gegangen, anschlie\u00dfend mit zu einem Picknick der Kirchenmitglieder und am Nachmittag zu einem Boots Trip auf dem Fox River. Dies ist die perfekte Gelegenheit neue Menschen kennenzulernen. Was ich jetzt schon sagen kann: Amerikaner sind extrem offen und freundlich!<img loading=\"lazy\" decoding=\"async\" class=\"size-medium wp-image-35 aligncenter\" src=\"http:\/\/35ppp.de\/anna3\/wp-content\/uploads\/sites\/51\/2018\/08\/20180812_173055-e1534302762153-300x225.jpg\" alt=\"\" width=\"300\" height=\"225\" srcset=\"https:\/\/35ppp.de\/anna3\/wp-content\/uploads\/sites\/51\/2018\/08\/20180812_173055-e1534302762153-300x225.jpg 300w, https:\/\/35ppp.de\/anna3\/wp-content\/uploads\/sites\/51\/2018\/08\/20180812_173055-e1534302762153-768x576.jpg 768w, https:\/\/35ppp.de\/anna3\/wp-content\/uploads\/sites\/51\/2018\/08\/20180812_173055-e1534302762153-1024x768.jpg 1024w\" sizes=\"auto, (max-width: 300px) 100vw, 300px\" \/>Das war wirklich ein sehr Ereignisreiches erstes Wochenende :).<\/p>\n<p>Aber das absolute <span style=\"color: #ff0000\"><strong>Highlight<\/strong> <\/span>kam am Montag.<\/p>\n<p>Nach meinem ersten Tag der Orientierungs<img loading=\"lazy\" decoding=\"async\" class=\"size-medium wp-image-39 alignright\" src=\"http:\/\/35ppp.de\/anna3\/wp-content\/uploads\/sites\/51\/2018\/08\/20180813_1832480-300x225.jpg\" alt=\"\" width=\"300\" height=\"225\" srcset=\"https:\/\/35ppp.de\/anna3\/wp-content\/uploads\/sites\/51\/2018\/08\/20180813_1832480-300x225.jpg 300w, https:\/\/35ppp.de\/anna3\/wp-content\/uploads\/sites\/51\/2018\/08\/20180813_1832480-768x576.jpg 768w, https:\/\/35ppp.de\/anna3\/wp-content\/uploads\/sites\/51\/2018\/08\/20180813_1832480-1024x768.jpg 1024w\" sizes=\"auto, (max-width: 300px) 100vw, 300px\" \/>woche f\u00fcr Internationale Studenten am College, bin ich nichtsahnend mit Mary zum Flughafen nach Green Bay gefahren. Dort haben wir zusammen mit Ihren alten High School Freundinnen unter dem Fl\u00fcgel eines kleinen Flugzeuges gegessen. Anschlie\u00dfend durfte ich dann sogar mal in dem kleinen Flieger mit fliegen und auf einmal sagte Novel (die Pilotin) und jetzt darfst du das Flugzeug alleine lenken &#8211; das war echt krass!!! Aber es hat alles geklappt und wir sind alle wieder lebend am Boden angekommen! \ud83d\ude42 &#8211; Mein Lieblingswort f\u00fcr diesen Tag ist<span style=\"color: #d42697\"><strong> AWESOME<\/strong><\/span> !<\/p>\n<p><img loading=\"lazy\" decoding=\"async\" class=\"size-medium wp-image-40 aligncenter\" src=\"http:\/\/35ppp.de\/anna3\/wp-content\/uploads\/sites\/51\/2018\/08\/20180813_1813050-300x225.jpg\" alt=\"\" width=\"300\" height=\"225\" srcset=\"https:\/\/35ppp.de\/anna3\/wp-content\/uploads\/sites\/51\/2018\/08\/20180813_1813050-300x225.jpg 300w, https:\/\/35ppp.de\/anna3\/wp-content\/uploads\/sites\/51\/2018\/08\/20180813_1813050-768x576.jpg 768w, https:\/\/35ppp.de\/anna3\/wp-content\/uploads\/sites\/51\/2018\/08\/20180813_1813050-1024x768.jpg 1024w\" sizes=\"auto, (max-width: 300px) 100vw, 300px\" \/><\/p>\n<p>Die kommenden Tage der Orientierungswoche am College sind auch ziemlich schnell herum gegangen. Ich habe viele nette Menschen kennen gelernt (aus Tunesien, Russland, Ukraine, Japan, usw). Zusammen haben wir uns einige Vortr\u00e4ge angeh\u00f6rt. Mit Julie (einer meiner College Koordinatorinnen)\u00a0 habe ich Mittwochs meinen Stundenplan f\u00fcr das kommende Semester zusammengestellt. D<img loading=\"lazy\" decoding=\"async\" class=\"size-medium wp-image-42 alignleft\" src=\"http:\/\/35ppp.de\/anna3\/wp-content\/uploads\/sites\/51\/2018\/08\/39348567_2027502263968664_2978250182698729472_n-240x300.jpg\" alt=\"\" width=\"240\" height=\"300\" srcset=\"https:\/\/35ppp.de\/anna3\/wp-content\/uploads\/sites\/51\/2018\/08\/39348567_2027502263968664_2978250182698729472_n-240x300.jpg 240w, https:\/\/35ppp.de\/anna3\/wp-content\/uploads\/sites\/51\/2018\/08\/39348567_2027502263968664_2978250182698729472_n.jpg 768w\" sizes=\"auto, (max-width: 240px) 100vw, 240px\" \/>as war gar nicht so einfach, da ich genau 12 Credits ben\u00f6tige und entweder die Kurse zur selben Zeit waren oder nicht in mein Berufsfeld passten. Zum Gl\u00fcck hatte Sie viel Geduld mit mir und wir haben schlie\u00dflich doch die passenden Kurse gefunden :). Aber nat\u00fcrlich durfte auch der Spa\u00df mit der Gruppe nicht fehlen: Open Air Konzert in Down Town Appleton, Badger Sportspark (Card fahren und Lasertag) sowie eine Public Bustour durch Appleton.<\/p>\n<p>Am Samstag ging es dann mit dem Diversity Picknick im Jefferson Park weiter. Davon werde ich euch aber erst in meinem n\u00e4chsten Eintrag berichten&#8230;<\/p>\n<p>&nbsp;<\/p>\n<p>Bye Bye,<\/p>\n<p>Eure Anna<\/p>\n","protected":false},"excerpt":{"rendered":"<p>Hello \ud83d\ude09 wie Ihr bereits in meinem vorherigen Beitrag lesen konntet, werde ich mein Jahr in Appleton, Wisconsin verbringen. Am 10. August bin ich zusammen mit Johannes gegen 9:30 pm in Appleton gelandet. Dort wurde ich auch schon freudig von meinen Gasteltern (Mary und David) mit einem Willkommens-Schild empfangen. Ich war sehr aufgeregt die beiden [&hellip;]<\/p>\n","protected":false},"author":53,"featured_media":0,"comment_status":"open","ping_status":"open","sticky":false,"template":"","format":"standard","meta":{"footnotes":"","_links_to":"","_links_to_target":""},"categories":[1],"tags":[],"class_list":["post-32","post","type-post","status-publish","format-standard","hentry","category-allgemein"],"jetpack_featured_media_url":"","_links":{"self":[{"href":"https:\/\/35ppp.de\/anna3\/wp-json\/wp\/v2\/posts\/32","targetHints":{"allow":["GET"]}}],"collection":[{"href":"https:\/\/35ppp.de\/anna3\/wp-json\/wp\/v2\/posts"}],"about":[{"href":"https:\/\/35ppp.de\/anna3\/wp-json\/wp\/v2\/types\/post"}],"author":[{"embeddable":true,"href":"https:\/\/35ppp.de\/anna3\/wp-json\/wp\/v2\/users\/53"}],"replies":[{"embeddable":true,"href":"https:\/\/35ppp.de\/anna3\/wp-json\/wp\/v2\/comments?post=32"}],"version-history":[{"count":8,"href":"https:\/\/35ppp.de\/anna3\/wp-json\/wp\/v2\/posts\/32\/revisions"}],"predecessor-version":[{"id":45,"href":"https:\/\/35ppp.de\/anna3\/wp-json\/wp\/v2\/posts\/32\/revisions\/45"}],"wp:attachment":[{"href":"https:\/\/35ppp.de\/anna3\/wp-json\/wp\/v2\/media?parent=32"}],"wp:term":[{"taxonomy":"category","embeddable":true,"href":"https:\/\/35ppp.de\/anna3\/wp-json\/wp\/v2\/categories?post=32"},{"taxonomy":"post_tag","embeddable":true,"href":"https:\/\/35ppp.de\/anna3\/wp-json\/wp\/v2\/tags?post=32"}],"curies":[{"name":"wp","href":"https:\/\/api.w.org\/{rel}","templated":true}]}}