{"id":21,"date":"2019-05-02T06:15:51","date_gmt":"2019-05-02T04:15:51","guid":{"rendered":"http:\/\/35ppp.de\/alend\/?p=21"},"modified":"2019-05-02T06:15:51","modified_gmt":"2019-05-02T04:15:51","slug":"arbeiten-in-den-usa-ein-blick-hinter-die-kulissen-des-kapitols-beitrag-ueber-mein-congressional-internship","status":"publish","type":"post","link":"https:\/\/35ppp.de\/alend\/2019\/05\/02\/arbeiten-in-den-usa-ein-blick-hinter-die-kulissen-des-kapitols-beitrag-ueber-mein-congressional-internship\/","title":{"rendered":"Arbeiten in den USA: Ein Blick hinter die Kulissen des Kapitols &#8211; Beitrag \u00fcber mein Congressional Internship"},"content":{"rendered":"<header class=\"single-blog-header clr\">\n<h1 class=\"single-post-title entry-title\">Arbeiten in den USA: Ein Blick hinter die Kulissen des Kapitols<\/h1>\n<\/header>\n<ul class=\"meta clr meta-with-title\">\n<li class=\"meta-date\">14. M\u00e4rz 2019<\/li>\n<\/ul>\n<div class=\"single-blog-content entry clr\">\n<p>Mein Praktikum \u201con the Hill\u201d \u2013 von Alend Gravi<\/p>\n<p><em>Alend Gravi aus Saarbr\u00fccken ist Teilnehmer des 35. PPP und verbringt zurzeit ein spannendes Jahr in Portland, Oregon. Er, sowie vier weitere Teilnehmer wurden f\u00fcr das \u201e<strong>C<\/strong>ongressional\u00a0<strong>I<\/strong>nternship\u00a0<strong>P<\/strong>rogram\u201c ausgew\u00e4hlt, bei dem sie f\u00fcr sechs Wochen den Alltag eines Kongressabgeordneten oder Senators\u00a0kennenlernen und hinter die Kulissen der Arbeit am Kapitol blicken konnten. Tolles Plus ist nat\u00fcrlich auch das Leben in der Metropole und Hauptstadt der USA \u2013 Washington D.C.<\/em><\/p>\n<p>Freitag, 01.03.2019: Es ist wieder Wochenende \u2013 gro\u00dfartig und schade zugleich. Gro\u00dfartig deshalb, weil das Wochenende f\u00fcr einen CIP-Teilnehmer sehr wertvoll ist \u2013 und zwar nicht nur zum Ausschlafen, sondern viel mehr um all die Sehensw\u00fcrdigkeiten hier in Washington, D.C. besichtigen zu k\u00f6nnen. Hier im 177-km\u00b2-gro\u00dfen und fast 694.000-einwohnerreichen Bundesdistrikt, in dem sich die Spitzen aller drei verfassungsm\u00e4\u00dfigen Gewalten befinden, gibt es einiges zu sehen und zu bestaunen.<br \/>\nZum anderen schade, da dieser Freitag auch das Ende unseres Kongresspraktikums einl\u00e4utet. Die letzten sechs Wochen waren wirklich unglaublich. Unglaublich lehrreich, unglaublich interessant und unglaublich verr\u00fcckt.<\/p>\n<div id=\"attachment_6849\" class=\"wp-caption alignleft\">\n<p><a href=\"https:\/\/usappp.de\/wp-content\/uploads\/2019\/03\/Senator-Bild.jpg\"><img loading=\"lazy\" decoding=\"async\" class=\"size-medium wp-image-6849\" src=\"https:\/\/usappp.de\/wp-content\/uploads\/2019\/03\/Senator-Bild-216x300.jpg\" alt=\"\" width=\"216\" height=\"300\" \/><\/a><\/p>\n<p id=\"caption-attachment-6849\" class=\"wp-caption-text\">Alend im Gespr\u00e4ch mit Jeff Merkley, Senator des Bundesstaates Oregon<\/p>\n<\/div>\n<p>Diese letzte Woche war aber wirklich der kr\u00f6nende Abschluss einer tollen Zeit. Neben meiner \u00fcblichen Arbeit gab es durchaus einige Highlights, die ich euch\u00a0nat\u00fcrlich nicht vorenthalten will.<br \/>\nZu den \u00fcblichen Aufgaben, die ich als Praktikant f\u00fcr meinen Kongressabgeordneten erledigen durfte, geh\u00f6ren unter anderem das Durchf\u00fchren von Telefonaten mit der W\u00e4hlerschaft des sechsten Kongresswahlbezirks Maryland. Dabei h\u00f6rt man ohne jeglichen Filter direkt die Belange der W\u00e4hlerinnen und W\u00e4hler und kann sich immer ein gutes Meinungsbild \u00fcber die aktuelle politische Stimmung machen. Telefonate h\u00e4ufen sich insbesonders, wenn k\u00fcrzlich, gerade auch kritische Gesetzesvorschl\u00e4ge vorgebracht wurden. In dieser Hinsicht stelle ich fest, dass Demokratie hier relativ lebendig ist \u2013 denn jeder gibt seine Meinung kund, und zwar unabh\u00e4ngig davon, welche Ansicht er oder sie vertritt. Obwohl ich im B\u00fcro des demokratischen Repr\u00e4sentanten David Trone gearbeitet habe, riefen Menschen auch aus den gegens\u00e4tzlichen politischen Lagern an; die Bandbreite war gro\u00df.<\/p>\n<div id=\"attachment_6853\" class=\"wp-caption alignright\">\n<p><a href=\"https:\/\/usappp.de\/wp-content\/uploads\/2019\/03\/John-Lewis-1.jpg\"><img loading=\"lazy\" decoding=\"async\" class=\"size-medium wp-image-6853\" src=\"https:\/\/usappp.de\/wp-content\/uploads\/2019\/03\/John-Lewis-1-169x300.jpg\" alt=\"\" width=\"169\" height=\"300\" \/><\/a><\/p>\n<p id=\"caption-attachment-6853\" class=\"wp-caption-text\">Alend mit Rep. John Lewis<\/p>\n<\/div>\n<p>Zu anderen allt\u00e4glichen Aufgaben z\u00e4hlte es auch Boteng\u00e4nge zu erledigen, wie das Abgeben von Briefen bei anderen B\u00fcros oder aber auch der Sammlung von Unterschriften. Doch gibt es eindeutig schlimmere Arbeitspl\u00e4tze, um diese Art von Job zu erledigen. Denn so kam ich in den Genuss, die wundersch\u00f6nen, historischen Hallen des Kongresses besser kennen zu lernen. Dabei l\u00e4uft man nicht nur an bedeutenden B\u00fcros, wie dem des Haus-Mehrheitsf\u00fchrers (\u201eMajority Leader\u201c) oder der Haus-Sprecherin (\u201eSpeaker of the House\u201c) vorbei \u2013 oder geht auch mal hinein \u2013, sondern trifft auch auf viele Kongressmitglieder.<\/p>\n<p>Neben einzelnen Projekten und F\u00fchrungen durch das US-Kapitol durfte ich auch Briefings und Hearings besuchen \u2013 f\u00fcr einen\u00a0<em>\u201eCongressional Intern<\/em>\u201c die sch\u00f6nste Sache der Welt.<br \/>\nSogenannte Briefings werden im Kongress von Experten aus dem \u00f6ffentlichen, privaten und dem Nonprofit-Sektor gehalten, deren Ziel es ist, Kongressmitglieder bzw. deren Angestellte und die Medien zu informieren, aber auch um ein Forum f\u00fcr Diskussionen \u00fcber aktuelle politische Themen zu bieten. Diese Briefings werden des \u00d6fteren ebenfalls von bestimmten Interessensgruppen (\u201eLobbyisten\u201c) oder von Experten der sogenannten \u201eThinktank\u201c-Szene gehalten. Solche Veranstaltungen zu besuchen ist insbesondere f\u00fcr neu eingezogene Kongressabgeordnete wichtig. Mein Kongressabgeordneter David Trone ist letztes Jahr das erste Mal in den Kongress gew\u00e4hlt worden \u2013 wird im Washingtoner Jargon daher als \u201eFreshman\u201c bezeichnet \u2013 und war somit h\u00e4ufig bei dieser Art Meetings dabei.<\/p>\n<div id=\"attachment_6850\" class=\"wp-caption alignright\">\n<p><a href=\"https:\/\/usappp.de\/wp-content\/uploads\/2019\/03\/Cipler-mit-MdB.jpg\"><img loading=\"lazy\" decoding=\"async\" class=\"size-medium wp-image-6850\" src=\"https:\/\/usappp.de\/wp-content\/uploads\/2019\/03\/Cipler-mit-MdB-300x182.jpg\" alt=\"\" width=\"300\" height=\"182\" \/><\/a><\/p>\n<p id=\"caption-attachment-6850\" class=\"wp-caption-text\">Bundestagsabgeordneter und Staatssekret\u00e4r Niels Annen mit Alend und drei der anderen CIPler<\/p>\n<\/div>\n<p>Zu meinen Highlights der letzten Woche z\u00e4hlt definitiv ein Event zur Zukunft Europas mit Bundestagsabgeordneten und Staatssekret\u00e4r Niels Annen am Montagabend. Die anderen CIPler und ich waren durch die Bank weg begeistert.<\/p>\n<p>Der Mittwoch war ein ebenso ereignisreicher Tag: Ich durfte bei einer Tour durch das US-Verteidigungsministerium (Pentagon) teilnehmen \u2013 wirklich sehr interessant. Im Kongress war derweil auch einiges los. Der ehemalige Anwalt von Donald Trump, Michael Cohen wurde zu verschiedenen Vorw\u00fcrfen von mehreren Kongressabgeordneten bei einer \u00f6ffentlichen Anh\u00f6rung befragt. Als ich am sp\u00e4ten Nachmittag f\u00fcr einen Botengang losgeschickt wurde, kam ich per Zufall an dem \u00fcberf\u00fcllten Anh\u00f6rungssaal vorbei. Und das genau zu der Zeit, in der Cohen rauseskortiert wurde und die Blitze der Fotografen auf ihn niederprasselten. Langweilig wird es als CIPler definitiv nie!<br \/>\nInteressant ging der Tag weiter mit einem Treffen zwischen meinem Kongressabgeordneten und zwei SPD-Bundestagsabgeordneten, Metin Hakverdi und Dr. Rolf M\u00fctzenich. Im Anschluss an ihr Gespr\u00e4ch durfte auch ich mich mit Ihnen unterhalten und \u00fcber meine Zeit in den USA berichten.<\/p>\n<div id=\"attachment_6852\" class=\"wp-caption alignleft\">\n<p><a href=\"https:\/\/usappp.de\/wp-content\/uploads\/2019\/03\/SPD-MdB.jpg\"><img loading=\"lazy\" decoding=\"async\" class=\"size-medium wp-image-6852\" src=\"https:\/\/usappp.de\/wp-content\/uploads\/2019\/03\/SPD-MdB-300x169.jpg\" alt=\"\" width=\"300\" height=\"169\" \/><\/a><\/p>\n<p id=\"caption-attachment-6852\" class=\"wp-caption-text\">Alend mit den SPD-Bundestagsabgeordneten Metin Hakverdi und Dr. Rolf M\u00fctzenich<\/p>\n<\/div>\n<p>Der Mittwoch hatte es in sich. Am selben Tag wurden zwei wichtige Vorhaben im Repr\u00e4sentantenhaus verabschiedet: Zum einen das vielbesprochene H.R. 8, das partei\u00fcbergreifende Background-Check-Gesetz f\u00fcr das Kaufen von Waffen, sowie die H.J.Res.46, die Resolution gegen die Nationale Notstandserkl\u00e4rung des Pr\u00e4sidenten Donald Trump. Beide Vorhaben wurden nun an den Senat \u00fcberwiesen \u2013 es bleibt also spannend!<\/p>\n<p>Der offizielle Abschied kam dann am Samstag mit einer Abschiedsparty, die von der Gesch\u00e4ftsf\u00fchrerin von Cultural Vistas veranstaltet wurde. Dort wurden meine CIPler-Kollegen und ich von CBYX-Alumni und anderen Personen verabschiedet. Ein toller Tag, der mir in Erinnerung bleiben wird.<\/p>\n<p><em>All in all<\/em>\u00a0waren es unglaubliche sechs Wochen und ich kann nur jedem (zuk\u00fcnftigen) PPP-Teilnehmer empfehlen, sich f\u00fcr das \u201eCongressional Internship Program\u201c zu bewerben \u2013 ihr werdet es nicht bereuen!<\/p>\n<p>Vielen Dank an dieser Stelle an die GIZ GmbH, Cultural Vistas, PPP\/CBYX, das State Department und an alle, die mich auf meinem bisherigen Weg unterst\u00fctzt haben.<\/p>\n<\/div>\n<p>&nbsp;<\/p>\n<p>(https:\/\/usappp.de\/alend-gravi\/)<\/p>\n","protected":false},"excerpt":{"rendered":"<p>Arbeiten in den USA: Ein Blick hinter die Kulissen des Kapitols 14. M\u00e4rz 2019 Mein Praktikum \u201con the Hill\u201d \u2013 von Alend Gravi Alend Gravi aus Saarbr\u00fccken ist Teilnehmer des 35. PPP und verbringt zurzeit ein spannendes Jahr in Portland, Oregon. Er, sowie vier weitere Teilnehmer wurden f\u00fcr das \u201eCongressional\u00a0Internship\u00a0Program\u201c ausgew\u00e4hlt, bei dem sie f\u00fcr &hellip; <\/p>\n<p class=\"link-more\"><a href=\"https:\/\/35ppp.de\/alend\/2019\/05\/02\/arbeiten-in-den-usa-ein-blick-hinter-die-kulissen-des-kapitols-beitrag-ueber-mein-congressional-internship\/\" class=\"more-link\"><span class=\"screen-reader-text\">\u201eArbeiten in den USA: Ein Blick hinter die Kulissen des Kapitols &#8211; Beitrag \u00fcber mein Congressional Internship\u201c<\/span> weiterlesen<\/a><\/p>\n","protected":false},"author":30,"featured_media":0,"comment_status":"open","ping_status":"open","sticky":false,"template":"","format":"standard","meta":{"footnotes":"","_links_to":"","_links_to_target":""},"categories":[1],"tags":[],"class_list":["post-21","post","type-post","status-publish","format-standard","hentry","category-allgemein"],"jetpack_featured_media_url":"","_links":{"self":[{"href":"https:\/\/35ppp.de\/alend\/wp-json\/wp\/v2\/posts\/21","targetHints":{"allow":["GET"]}}],"collection":[{"href":"https:\/\/35ppp.de\/alend\/wp-json\/wp\/v2\/posts"}],"about":[{"href":"https:\/\/35ppp.de\/alend\/wp-json\/wp\/v2\/types\/post"}],"author":[{"embeddable":true,"href":"https:\/\/35ppp.de\/alend\/wp-json\/wp\/v2\/users\/30"}],"replies":[{"embeddable":true,"href":"https:\/\/35ppp.de\/alend\/wp-json\/wp\/v2\/comments?post=21"}],"version-history":[{"count":2,"href":"https:\/\/35ppp.de\/alend\/wp-json\/wp\/v2\/posts\/21\/revisions"}],"predecessor-version":[{"id":23,"href":"https:\/\/35ppp.de\/alend\/wp-json\/wp\/v2\/posts\/21\/revisions\/23"}],"wp:attachment":[{"href":"https:\/\/35ppp.de\/alend\/wp-json\/wp\/v2\/media?parent=21"}],"wp:term":[{"taxonomy":"category","embeddable":true,"href":"https:\/\/35ppp.de\/alend\/wp-json\/wp\/v2\/categories?post=21"},{"taxonomy":"post_tag","embeddable":true,"href":"https:\/\/35ppp.de\/alend\/wp-json\/wp\/v2\/tags?post=21"}],"curies":[{"name":"wp","href":"https:\/\/api.w.org\/{rel}","templated":true}]}}