{"id":1,"date":"2019-01-21T11:01:20","date_gmt":"2019-01-21T10:01:20","guid":{"rendered":"http:\/\/35ppp.de\/alend\/?p=1"},"modified":"2019-12-16T22:02:53","modified_gmt":"2019-12-16T21:02:53","slug":"hallo-welt","status":"publish","type":"post","link":"https:\/\/35ppp.de\/alend\/2019\/01\/21\/hallo-welt\/","title":{"rendered":"\u00dcber mich und meinen bisherigen Aufenthalt in den Vereinigten Staaten von Amerika"},"content":{"rendered":"<p>Liebe Leserinnen und Leser,<\/p>\n<p>mein Name ist Alend Gravi, ich bin am 16.01.1996 als Sohn kurdisch-arabischer Eltern aus dem Norden Iraks in Saarbr\u00fccken, der Hauptstadt des viertgr\u00f6\u00dften Bundeslandes Deutschlands, Saarland, geboren. (Klein, aber fein!)<\/p>\n<p>Am 07.08.2015 habe ich meine dreij\u00e4hrige Lehre als Rechtsanwaltsfachangestellter bei einer Anwaltskanzlei in Saarbr\u00fccken erfolgreich abgeschlossen. W\u00e4hrend dieser Ausbildung ist mein gro\u00dfes Interesse zur Rechtswissenschaft erwachsen, aber nicht nur hierzu, auch zu anderen Feldern wie Philosophie, Ethik, Soziologie und Wirtschaftslehre. Ich hatte zu der Zeit jedoch nicht geplant, ein Jura-Studium, geschweige denn irgendein Studium aufzunehmen.<\/p>\n<p>Nachdem ich meine Fachhochschulreife am 30.06.2016 erlangte, habe ich mich &#8211; nach vielen gef\u00fchrten \u00dcberzeugungsgespr\u00e4chen und Empfehlungen &#8211; doch dazu entschlossen, das Abitur nachzuholen, um mit diesem ein Studium aufnehmen zu k\u00f6nnen. Das Gymnasium habe ich im Juni 2018 abgeschlossen. Dabei war meine Abiturphase &#8222;\u00fcberschattet&#8220; (im positiven Sinne) von den Vorbereitungen auf das kommende gro\u00dfe Erlebnis, dem 35. Parlamentarischen Patenschafts-Programm, das aus Anlass des 300. Jahrestages der ersten deutschen Einwanderung nach Nordamerika vom Kongress der Vereinigten Staaten von Amerika und vom Deutschen Bundestag beschlossen wurde. Nachdem ich im Januar 2018, also vor einem Jahr, von meiner Teilnahme erfuhr, drehte sich nat\u00fcrlich alles um das PPP; nun ja, fast alles, da war ja noch das Abitur. Eine gute Balance habe ich jedoch finden, und meine Allgemeine Hochschulreife erlangen k\u00f6nnen, und bin am 07.08.2018 schlie\u00dflich mit den anderen 75 deutschen TeilnehmerInnen nach New York City gereist, wo wir unser dreit\u00e4giges Seminar mit Cultural Vistas hatten.<\/p>\n<div>Nun freue ich mich sehr, im Januar 2019 aus den USA in Portland, Oregon, von meinem bisherigen Aufenthalt berichten zu k\u00f6nnen. Wir 75 PPPlerInnen sind jetzt bereits seit \u00fcber 164 Tagen hier in den Staaten; es ist unglaublich, wie schnell die Zeit vergeht. Ich habe bisher sehr viel neues dazugelernt, vieles sehen und erleben k\u00f6nnen, und nochmals, vieles dazulernen k\u00f6nnen.<\/div>\n<div><\/div>\n<div>Am Freitag, den 18. Januar 2018, hatte ich meinen letzten Arbeitstag am\u00a0<i>Bookstore<\/i>\u00a0des\u00a0<i>Portland Community Colleges (PCC)<\/i>.\u00a0 Am 16.01. hatte ich meinen 23. Geburtstag, den ich im Haus meines Gastvaters mit eingeladenen Freunden vom PCC und der anderen beiden hier in Oregon platzierten PPP-Teilnehmer verbringen durfte. Mir wurde gestern noch einmal klar, was f\u00fcr eine &#8222;Community&#8220; ich hier zwischenzeitlich aufbauen konnte &#8211; Freunde aus aller Welt, von deren Einsicht, Erfahrungen und Wissen ich profitieren darf.<\/div>\n<div><\/div>\n<div>Das PCC durfte ich vom 24.09. bis zum 14.12. besuchen; hier habe ich unter anderem berufsbezogene Kurse besucht (&#8222;Paralegal&#8220;-Kurse). Die Zeit zwischen der Anreise im Platzierungsort und dem &#8211; an der Westk\u00fcste relativ sp\u00e4ten &#8211; College-Beginn habe ich mit dem Kennenlernen der Hostcommunity, einem kurzen Roadtrip in dem wundergr\u00fcnen Staat Oregon zusammen mit den beiden anderen PPPlern sowie mit dazugekommenen Erledigungen (Bankkonto, Social Security, u. V. m.) verbracht. W\u00e4hrend der Collegephase habe ich ehrenamtliche Arbeit (<i>Community Service<\/i>) bei dem Multicultural Center am PCC, beim Portland Chinese Garden, bei zwei diversen Einzelveranstaltungen sowie w\u00e4hrend der International Orientation Week am PCC leisten k\u00f6nnen. Durch diese habe ich mich nicht nur pers\u00f6nlich weiterentwickeln k\u00f6nnen, sondern habe ich auch vieles gelernt und ganz besondere Menschen kennenlernen d\u00fcrfen. Auch habe ich w\u00e4hrend der Collegephase am Bookstore arbeiten k\u00f6nnen, und zwar bis heute. Damit habe ich mein Ziel f\u00fcr die Collegephase erreicht, n\u00e4mlich nicht nur das College bzw. die Kurse schlicht zu besuchen, sondern wie man es so sch\u00f6n im Englischen sagt, auch &#8222;involved on campus&#8220; (I definitely was!). Ich bin dem am PCC eingef\u00fchrten Korean-Club beigetreten, dem allerlei StudentInnen (auch AmerikanerInnen) angeh\u00f6ren, und konnte auch dort gute Freundschaften schlie\u00dfen.<\/div>\n<div>Vor zwei Monaten habe ich hier auch meinen Oregon Driver License erworben. Ich war erstaunt, wie vergleichsweise einfach es ist, diesen hier erhalten zu k\u00f6nnen &#8211; insbesondere unter Kostengesichtspunkten (f\u00fcr den F\u00fchrerschein habe ich insgesamt 25 + 5 + 25 + 9 = USD $ 64 gezahlt).<\/div>\n<div><\/div>\n<div>Nun, nach dem Jahres\u00fcbergang in 2019, h\u00e4tte ich eigentlich mein Internship bei der Anwaltskanzlei in Portland begonnen. Dessen Beginn verschiebt sich aber auf den 11. M\u00e4rz 2019, da ich gl\u00fccklicherweise im Rahmen des\u00a0<i>Congressional Internship Program<\/i> (CIP) sechs Wochen in Washington D. C. verbringen darf, und zwar im B\u00fcro von David Trone im Kapitol, der im November 2018 erstmals in das Repr\u00e4sentantenhaus der Vereinigten Staaten gew\u00e4hlt wurde, wo er den sechsten Kongresswahlbezirk von Maryland vertritt. Damit habe ich nicht nur das Privileg, in einer sehr einmaligen Zeit im US-Kongress arbeiten zu d\u00fcrfen (teilweiser, historisch l\u00e4ngster Regierungs-Shutdown), sondern werde auch einen wertvollen Einblick darin erhalten, wie es ist, ein neues Kongressmitglied und dessen B\u00fcro in Betrieb zu nehmen.\u00a0 Ich freue mich sehr auf die kommende Erfahrung und umso mehr mit dem dann Dazugewonnenen mein Internship im M\u00e4rz beginnen zu k\u00f6nnen.<\/div>\n<div><\/div>\n<div>Obwohl ich selbstverst\u00e4ndlich Deutschland vermisse, tut mir die Zeit hier in vielerlei Hinsicht sehr gut, und ich m\u00f6chte gar nicht, dass sie schnell vor\u00fcber geht. Aber der zweite und letzte Programmteil wird vermutlich noch schneller vorbeigehen und die R\u00fcckreise ziemlich schnell vor der T\u00fcr stehen. Bis dahin erhoffe ich mir weiterhin viel zu erleben und lernen, und nach Abschluss des Programms mein Studium aufzunehmen. Wo? To be continued&#8230;.<\/div>\n<div><\/div>\n<div>Abschlie\u00dfend m\u00f6chte ich meinen sehr gro\u00dfen Dank aussprechen an alle, die mich auf meinem bisherigen Weg begleitet und unterst\u00fctzt haben; ich hoffe, Ihr f\u00fchlt Euch angesprochen!<\/div>\n","protected":false},"excerpt":{"rendered":"<p>Liebe Leserinnen und Leser, mein Name ist Alend Gravi, ich bin am 16.01.1996 als Sohn kurdisch-arabischer Eltern aus dem Norden Iraks in Saarbr\u00fccken, der Hauptstadt des viertgr\u00f6\u00dften Bundeslandes Deutschlands, Saarland, geboren. (Klein, aber fein!) Am 07.08.2015 habe ich meine dreij\u00e4hrige Lehre als Rechtsanwaltsfachangestellter bei einer Anwaltskanzlei in Saarbr\u00fccken erfolgreich abgeschlossen. W\u00e4hrend dieser Ausbildung ist mein &hellip; <\/p>\n<p class=\"link-more\"><a href=\"https:\/\/35ppp.de\/alend\/2019\/01\/21\/hallo-welt\/\" class=\"more-link\"><span class=\"screen-reader-text\">\u201e\u00dcber mich und meinen bisherigen Aufenthalt in den Vereinigten Staaten von Amerika\u201c<\/span> weiterlesen<\/a><\/p>\n","protected":false},"author":30,"featured_media":0,"comment_status":"open","ping_status":"open","sticky":false,"template":"","format":"standard","meta":{"footnotes":"","_links_to":"","_links_to_target":""},"categories":[1],"tags":[],"class_list":["post-1","post","type-post","status-publish","format-standard","hentry","category-allgemein"],"jetpack_featured_media_url":"","_links":{"self":[{"href":"https:\/\/35ppp.de\/alend\/wp-json\/wp\/v2\/posts\/1","targetHints":{"allow":["GET"]}}],"collection":[{"href":"https:\/\/35ppp.de\/alend\/wp-json\/wp\/v2\/posts"}],"about":[{"href":"https:\/\/35ppp.de\/alend\/wp-json\/wp\/v2\/types\/post"}],"author":[{"embeddable":true,"href":"https:\/\/35ppp.de\/alend\/wp-json\/wp\/v2\/users\/30"}],"replies":[{"embeddable":true,"href":"https:\/\/35ppp.de\/alend\/wp-json\/wp\/v2\/comments?post=1"}],"version-history":[{"count":4,"href":"https:\/\/35ppp.de\/alend\/wp-json\/wp\/v2\/posts\/1\/revisions"}],"predecessor-version":[{"id":42,"href":"https:\/\/35ppp.de\/alend\/wp-json\/wp\/v2\/posts\/1\/revisions\/42"}],"wp:attachment":[{"href":"https:\/\/35ppp.de\/alend\/wp-json\/wp\/v2\/media?parent=1"}],"wp:term":[{"taxonomy":"category","embeddable":true,"href":"https:\/\/35ppp.de\/alend\/wp-json\/wp\/v2\/categories?post=1"},{"taxonomy":"post_tag","embeddable":true,"href":"https:\/\/35ppp.de\/alend\/wp-json\/wp\/v2\/tags?post=1"}],"curies":[{"name":"wp","href":"https:\/\/api.w.org\/{rel}","templated":true}]}}